{"id":17875,"date":"2026-04-01T17:37:24","date_gmt":"2026-04-01T20:37:24","guid":{"rendered":"https:\/\/aap.org.ar\/?p=17875"},"modified":"2026-04-01T17:37:24","modified_gmt":"2026-04-01T20:37:24","slug":"presentamos-nuestra-nueva-identidad-visual","status":"publish","type":"post","link":"https:\/\/aap.org.ar\/fr\/presentamos-nuestra-nueva-identidad-visual\/","title":{"rendered":"Presentamos nuestra nueva identidad visual"},"content":{"rendered":"<p>La Asociaci\u00f3n Argentina de Psiquiatras presenta su nueva identidad visual.<\/p>\n<p>Este cambio refleja la evoluci\u00f3n de nuestra instituci\u00f3n y reafirma los valores que nos han definido desde siempre: el compromiso con la psiquiatr\u00eda, la salud mental y la comunidad; y el trabajo basado en la ciencia, la evidencia, la experiencia y el humanismo.<\/p>\n<p>La nueva identidad mantiene esta esencia y la proyecta en un lenguaje visual actualizado, adaptado a los entornos digitales actuales, para fortalecer nuestra comunicaci\u00f3n y acompa\u00f1ar de manera m\u00e1s cercana y clara a la sociedad.<\/p>\n<p>Esta renovaci\u00f3n no es solo una actualizaci\u00f3n est\u00e9tica: es una herramienta para amplificar nuestra voz, promover el acceso a la informaci\u00f3n en salud mental y seguir trabajando en la prevenci\u00f3n, la atenci\u00f3n integral y el acompa\u00f1amiento a quienes m\u00e1s lo necesitan.<\/p>\n<p>Una identidad que nos representa hoy y nos proyecta hacia el futuro, con el mismo compromiso de siempre.<\/p>\n<div id='gallery-1' class='gallery galleryid-17875 gallery-columns-3 gallery-size-medium'><figure class='gallery-item'>\n\t\t\t<div class='gallery-icon portrait'>\n\t\t\t\t<a href='https:\/\/aap.org.ar\/fr\/15mesa-de-trabajo-1-2\/'><img loading=\"lazy\" decoding=\"async\" width=\"480\" height=\"600\" src=\"https:\/\/aap.org.ar\/wp-content\/uploads\/2026\/04\/15Mesa-de-trabajo-1-480x600.png\" class=\"attachment-medium size-medium\" alt=\"\" srcset=\"https:\/\/aap.org.ar\/wp-content\/uploads\/2026\/04\/15Mesa-de-trabajo-1-480x600.png 480w, https:\/\/aap.org.ar\/wp-content\/uploads\/2026\/04\/15Mesa-de-trabajo-1-819x1024.png 819w, https:\/\/aap.org.ar\/wp-content\/uploads\/2026\/04\/15Mesa-de-trabajo-1-768x960.png 768w, https:\/\/aap.org.ar\/wp-content\/uploads\/2026\/04\/15Mesa-de-trabajo-1-600x750.png 600w, https:\/\/aap.org.ar\/wp-content\/uploads\/2026\/04\/15Mesa-de-trabajo-1.png 1080w\" sizes=\"auto, (max-width: 480px) 100vw, 480px\" \/><\/a>\n\t\t\t<\/div><\/figure><figure class='gallery-item'>\n\t\t\t<div class='gallery-icon portrait'>\n\t\t\t\t<a href='https:\/\/aap.org.ar\/fr\/16mesa-de-trabajo-1-copia-2\/'><img loading=\"lazy\" decoding=\"async\" width=\"480\" height=\"600\" src=\"https:\/\/aap.org.ar\/wp-content\/uploads\/2026\/04\/16Mesa-de-trabajo-1-copia-480x600.png\" class=\"attachment-medium size-medium\" alt=\"\" srcset=\"https:\/\/aap.org.ar\/wp-content\/uploads\/2026\/04\/16Mesa-de-trabajo-1-copia-480x600.png 480w, https:\/\/aap.org.ar\/wp-content\/uploads\/2026\/04\/16Mesa-de-trabajo-1-copia-819x1024.png 819w, https:\/\/aap.org.ar\/wp-content\/uploads\/2026\/04\/16Mesa-de-trabajo-1-copia-768x960.png 768w, https:\/\/aap.org.ar\/wp-content\/uploads\/2026\/04\/16Mesa-de-trabajo-1-copia-600x750.png 600w, https:\/\/aap.org.ar\/wp-content\/uploads\/2026\/04\/16Mesa-de-trabajo-1-copia.png 1080w\" sizes=\"auto, (max-width: 480px) 100vw, 480px\" \/><\/a>\n\t\t\t<\/div><\/figure><figure class='gallery-item'>\n\t\t\t<div class='gallery-icon portrait'>\n\t\t\t\t<a href='https:\/\/aap.org.ar\/fr\/16mesa-de-trabajo-1-2\/'><img loading=\"lazy\" decoding=\"async\" width=\"480\" height=\"600\" src=\"https:\/\/aap.org.ar\/wp-content\/uploads\/2026\/04\/16Mesa-de-trabajo-1-480x600.png\" class=\"attachment-medium size-medium\" alt=\"\" srcset=\"https:\/\/aap.org.ar\/wp-content\/uploads\/2026\/04\/16Mesa-de-trabajo-1-480x600.png 480w, https:\/\/aap.org.ar\/wp-content\/uploads\/2026\/04\/16Mesa-de-trabajo-1-819x1024.png 819w, https:\/\/aap.org.ar\/wp-content\/uploads\/2026\/04\/16Mesa-de-trabajo-1-768x960.png 768w, https:\/\/aap.org.ar\/wp-content\/uploads\/2026\/04\/16Mesa-de-trabajo-1-600x750.png 600w, https:\/\/aap.org.ar\/wp-content\/uploads\/2026\/04\/16Mesa-de-trabajo-1.png 1080w\" sizes=\"auto, (max-width: 480px) 100vw, 480px\" \/><\/a>\n\t\t\t<\/div><\/figure>\n\t\t<\/div>\n\n","protected":false},"excerpt":{"rendered":"<p>La Asociaci\u00f3n Argentina de Psiquiatras presenta su nueva identidad visual. Este cambio refleja la evoluci\u00f3n de nuestra instituci\u00f3n y reafirma los valores que nos han definido desde siempre: el compromiso con la psiquiatr\u00eda, la salud mental y la comunidad; y el trabajo basado en la ciencia, la evidencia, la experiencia y el humanismo. La nueva [&#8230;]\n","protected":false},"author":19,"featured_media":17876,"comment_status":"closed","ping_status":"closed","sticky":false,"template":"","format":"standard","meta":{"_acf_changed":false,"iawp_total_views":19,"footnotes":""},"categories":[218,80],"tags":[],"class_list":["post-17875","post","type-post","status-publish","format-standard","has-post-thumbnail","hentry","category-aap","category-noticias"],"acf":[],"yoast_head":"<!-- This site is optimized with the Yoast SEO plugin v27.4 - https:\/\/yoast.com\/product\/yoast-seo-wordpress\/ -->\n<title>Presentamos nuestra nueva identidad visual - Asociacion Argentina de Psiquiatras<\/title>\n<meta name=\"robots\" content=\"index, follow, max-snippet:-1, max-image-preview:large, max-video-preview:-1\" \/>\n<link rel=\"canonical\" href=\"https:\/\/aap.org.ar\/fr\/presentamos-nuestra-nueva-identidad-visual\/\" \/>\n<meta property=\"og:locale\" content=\"fr_FR\" \/>\n<meta property=\"og:type\" content=\"article\" \/>\n<meta property=\"og:title\" content=\"Presentamos nuestra nueva identidad visual - Asociacion Argentina de Psiquiatras\" \/>\n<meta property=\"og:description\" content=\"La Asociaci\u00f3n Argentina de Psiquiatras presenta su nueva identidad visual. Este cambio refleja la evoluci\u00f3n de nuestra instituci\u00f3n y reafirma los valores que nos han definido desde siempre: el compromiso con la psiquiatr\u00eda, la salud mental y la comunidad; y el trabajo basado en la ciencia, la evidencia, la experiencia y el humanismo. La nueva [...]\" \/>\n<meta property=\"og:url\" content=\"https:\/\/aap.org.ar\/fr\/presentamos-nuestra-nueva-identidad-visual\/\" \/>\n<meta property=\"og:site_name\" content=\"Asociacion Argentina de Psiquiatras\" \/>\n<meta property=\"article:published_time\" content=\"2026-04-01T20:37:24+00:00\" \/>\n<meta property=\"og:image\" content=\"https:\/\/aap.org.ar\/wp-content\/uploads\/2026\/04\/15Mesa-de-trabajo-1.png\" \/>\n\t<meta property=\"og:image:width\" content=\"1080\" \/>\n\t<meta property=\"og:image:height\" content=\"1350\" \/>\n\t<meta property=\"og:image:type\" content=\"image\/png\" \/>\n<meta name=\"author\" content=\"Asociaci\u00f3n Psiquiatras\" \/>\n<meta name=\"twitter:card\" content=\"summary_large_image\" \/>\n<meta name=\"twitter:label1\" content=\"\u00c9crit par\" \/>\n\t<meta name=\"twitter:data1\" content=\"Asociaci\u00f3n Psiquiatras\" \/>\n\t<meta name=\"twitter:label2\" content=\"Dur\u00e9e de lecture estim\u00e9e\" \/>\n\t<meta name=\"twitter:data2\" content=\"1 minute\" \/>\n<script type=\"application\/ld+json\" class=\"yoast-schema-graph\">{\"@context\":\"https:\\\/\\\/schema.org\",\"@graph\":[{\"@type\":\"Article\",\"@id\":\"https:\\\/\\\/aap.org.ar\\\/fr\\\/presentamos-nuestra-nueva-identidad-visual\\\/#article\",\"isPartOf\":{\"@id\":\"https:\\\/\\\/aap.org.ar\\\/fr\\\/presentamos-nuestra-nueva-identidad-visual\\\/\"},\"author\":{\"name\":\"Asociaci\u00f3n Psiquiatras\",\"@id\":\"https:\\\/\\\/aap.org.ar\\\/fr\\\/#\\\/schema\\\/person\\\/0b9bc360d94f7a9b592155e1a519d8df\"},\"headline\":\"Presentamos nuestra nueva identidad visual\",\"datePublished\":\"2026-04-01T20:37:24+00:00\",\"mainEntityOfPage\":{\"@id\":\"https:\\\/\\\/aap.org.ar\\\/fr\\\/presentamos-nuestra-nueva-identidad-visual\\\/\"},\"wordCount\":171,\"publisher\":{\"@id\":\"https:\\\/\\\/aap.org.ar\\\/fr\\\/#organization\"},\"image\":{\"@id\":\"https:\\\/\\\/aap.org.ar\\\/fr\\\/presentamos-nuestra-nueva-identidad-visual\\\/#primaryimage\"},\"thumbnailUrl\":\"https:\\\/\\\/aap.org.ar\\\/wp-content\\\/uploads\\\/2026\\\/04\\\/15Mesa-de-trabajo-1.png\",\"articleSection\":[\"aap\",\"Noticias\"],\"inLanguage\":\"fr-FR\"},{\"@type\":\"WebPage\",\"@id\":\"https:\\\/\\\/aap.org.ar\\\/fr\\\/presentamos-nuestra-nueva-identidad-visual\\\/\",\"url\":\"https:\\\/\\\/aap.org.ar\\\/fr\\\/presentamos-nuestra-nueva-identidad-visual\\\/\",\"name\":\"Presentamos nuestra nueva identidad visual - Asociacion Argentina de Psiquiatras\",\"isPartOf\":{\"@id\":\"https:\\\/\\\/aap.org.ar\\\/fr\\\/#website\"},\"primaryImageOfPage\":{\"@id\":\"https:\\\/\\\/aap.org.ar\\\/fr\\\/presentamos-nuestra-nueva-identidad-visual\\\/#primaryimage\"},\"image\":{\"@id\":\"https:\\\/\\\/aap.org.ar\\\/fr\\\/presentamos-nuestra-nueva-identidad-visual\\\/#primaryimage\"},\"thumbnailUrl\":\"https:\\\/\\\/aap.org.ar\\\/wp-content\\\/uploads\\\/2026\\\/04\\\/15Mesa-de-trabajo-1.png\",\"datePublished\":\"2026-04-01T20:37:24+00:00\",\"breadcrumb\":{\"@id\":\"https:\\\/\\\/aap.org.ar\\\/fr\\\/presentamos-nuestra-nueva-identidad-visual\\\/#breadcrumb\"},\"inLanguage\":\"fr-FR\",\"potentialAction\":[{\"@type\":\"ReadAction\",\"target\":[\"https:\\\/\\\/aap.org.ar\\\/fr\\\/presentamos-nuestra-nueva-identidad-visual\\\/\"]}]},{\"@type\":\"ImageObject\",\"inLanguage\":\"fr-FR\",\"@id\":\"https:\\\/\\\/aap.org.ar\\\/fr\\\/presentamos-nuestra-nueva-identidad-visual\\\/#primaryimage\",\"url\":\"https:\\\/\\\/aap.org.ar\\\/wp-content\\\/uploads\\\/2026\\\/04\\\/15Mesa-de-trabajo-1.png\",\"contentUrl\":\"https:\\\/\\\/aap.org.ar\\\/wp-content\\\/uploads\\\/2026\\\/04\\\/15Mesa-de-trabajo-1.png\",\"width\":1080,\"height\":1350},{\"@type\":\"BreadcrumbList\",\"@id\":\"https:\\\/\\\/aap.org.ar\\\/fr\\\/presentamos-nuestra-nueva-identidad-visual\\\/#breadcrumb\",\"itemListElement\":[{\"@type\":\"ListItem\",\"position\":1,\"name\":\"Home\",\"item\":\"https:\\\/\\\/aap.org.ar\\\/\"},{\"@type\":\"ListItem\",\"position\":2,\"name\":\"Presentamos nuestra nueva identidad visual\"}]},{\"@type\":\"WebSite\",\"@id\":\"https:\\\/\\\/aap.org.ar\\\/fr\\\/#website\",\"url\":\"https:\\\/\\\/aap.org.ar\\\/fr\\\/\",\"name\":\"Asociacion Argentina de Psiquiatras\",\"description\":\"Asociacion Argentina de Psiquiatras\",\"publisher\":{\"@id\":\"https:\\\/\\\/aap.org.ar\\\/fr\\\/#organization\"},\"potentialAction\":[{\"@type\":\"SearchAction\",\"target\":{\"@type\":\"EntryPoint\",\"urlTemplate\":\"https:\\\/\\\/aap.org.ar\\\/fr\\\/?s={search_term_string}\"},\"query-input\":{\"@type\":\"PropertyValueSpecification\",\"valueRequired\":true,\"valueName\":\"search_term_string\"}}],\"inLanguage\":\"fr-FR\"},{\"@type\":\"Organization\",\"@id\":\"https:\\\/\\\/aap.org.ar\\\/fr\\\/#organization\",\"name\":\"Uniservitate\",\"url\":\"https:\\\/\\\/aap.org.ar\\\/fr\\\/\",\"logo\":{\"@type\":\"ImageObject\",\"inLanguage\":\"fr-FR\",\"@id\":\"https:\\\/\\\/aap.org.ar\\\/fr\\\/#\\\/schema\\\/logo\\\/image\\\/\",\"url\":\"https:\\\/\\\/www.uniservitate.org\\\/wp-content\\\/uploads\\\/2021\\\/03\\\/logo.svg\",\"contentUrl\":\"https:\\\/\\\/www.uniservitate.org\\\/wp-content\\\/uploads\\\/2021\\\/03\\\/logo.svg\",\"width\":1,\"height\":1,\"caption\":\"Uniservitate\"},\"image\":{\"@id\":\"https:\\\/\\\/aap.org.ar\\\/fr\\\/#\\\/schema\\\/logo\\\/image\\\/\"}},{\"@type\":\"Person\",\"@id\":\"https:\\\/\\\/aap.org.ar\\\/fr\\\/#\\\/schema\\\/person\\\/0b9bc360d94f7a9b592155e1a519d8df\",\"name\":\"Asociaci\u00f3n Psiquiatras\"}]}<\/script>\n<!-- \/ Yoast SEO plugin. -->","yoast_head_json":{"title":"Presentamos nuestra nueva identidad visual - Asociacion Argentina de Psiquiatras","robots":{"index":"index","follow":"follow","max-snippet":"max-snippet:-1","max-image-preview":"max-image-preview:large","max-video-preview":"max-video-preview:-1"},"canonical":"https:\/\/aap.org.ar\/fr\/presentamos-nuestra-nueva-identidad-visual\/","og_locale":"fr_FR","og_type":"article","og_title":"Presentamos nuestra nueva identidad visual - Asociacion Argentina de Psiquiatras","og_description":"La Asociaci\u00f3n Argentina de Psiquiatras presenta su nueva identidad visual. Este cambio refleja la evoluci\u00f3n de nuestra instituci\u00f3n y reafirma los valores que nos han definido desde siempre: el compromiso con la psiquiatr\u00eda, la salud mental y la comunidad; y el trabajo basado en la ciencia, la evidencia, la experiencia y el humanismo. La nueva [...]","og_url":"https:\/\/aap.org.ar\/fr\/presentamos-nuestra-nueva-identidad-visual\/","og_site_name":"Asociacion Argentina de Psiquiatras","article_published_time":"2026-04-01T20:37:24+00:00","og_image":[{"width":1080,"height":1350,"url":"https:\/\/aap.org.ar\/wp-content\/uploads\/2026\/04\/15Mesa-de-trabajo-1.png","type":"image\/png"}],"author":"Asociaci\u00f3n Psiquiatras","twitter_card":"summary_large_image","twitter_misc":{"\u00c9crit par":"Asociaci\u00f3n Psiquiatras","Dur\u00e9e de lecture estim\u00e9e":"1 minute"},"schema":{"@context":"https:\/\/schema.org","@graph":[{"@type":"Article","@id":"https:\/\/aap.org.ar\/fr\/presentamos-nuestra-nueva-identidad-visual\/#article","isPartOf":{"@id":"https:\/\/aap.org.ar\/fr\/presentamos-nuestra-nueva-identidad-visual\/"},"author":{"name":"Asociaci\u00f3n Psiquiatras","@id":"https:\/\/aap.org.ar\/fr\/#\/schema\/person\/0b9bc360d94f7a9b592155e1a519d8df"},"headline":"Presentamos nuestra nueva identidad visual","datePublished":"2026-04-01T20:37:24+00:00","mainEntityOfPage":{"@id":"https:\/\/aap.org.ar\/fr\/presentamos-nuestra-nueva-identidad-visual\/"},"wordCount":171,"publisher":{"@id":"https:\/\/aap.org.ar\/fr\/#organization"},"image":{"@id":"https:\/\/aap.org.ar\/fr\/presentamos-nuestra-nueva-identidad-visual\/#primaryimage"},"thumbnailUrl":"https:\/\/aap.org.ar\/wp-content\/uploads\/2026\/04\/15Mesa-de-trabajo-1.png","articleSection":["aap","Noticias"],"inLanguage":"fr-FR"},{"@type":"WebPage","@id":"https:\/\/aap.org.ar\/fr\/presentamos-nuestra-nueva-identidad-visual\/","url":"https:\/\/aap.org.ar\/fr\/presentamos-nuestra-nueva-identidad-visual\/","name":"Presentamos nuestra nueva identidad visual - Asociacion Argentina de Psiquiatras","isPartOf":{"@id":"https:\/\/aap.org.ar\/fr\/#website"},"primaryImageOfPage":{"@id":"https:\/\/aap.org.ar\/fr\/presentamos-nuestra-nueva-identidad-visual\/#primaryimage"},"image":{"@id":"https:\/\/aap.org.ar\/fr\/presentamos-nuestra-nueva-identidad-visual\/#primaryimage"},"thumbnailUrl":"https:\/\/aap.org.ar\/wp-content\/uploads\/2026\/04\/15Mesa-de-trabajo-1.png","datePublished":"2026-04-01T20:37:24+00:00","breadcrumb":{"@id":"https:\/\/aap.org.ar\/fr\/presentamos-nuestra-nueva-identidad-visual\/#breadcrumb"},"inLanguage":"fr-FR","potentialAction":[{"@type":"ReadAction","target":["https:\/\/aap.org.ar\/fr\/presentamos-nuestra-nueva-identidad-visual\/"]}]},{"@type":"ImageObject","inLanguage":"fr-FR","@id":"https:\/\/aap.org.ar\/fr\/presentamos-nuestra-nueva-identidad-visual\/#primaryimage","url":"https:\/\/aap.org.ar\/wp-content\/uploads\/2026\/04\/15Mesa-de-trabajo-1.png","contentUrl":"https:\/\/aap.org.ar\/wp-content\/uploads\/2026\/04\/15Mesa-de-trabajo-1.png","width":1080,"height":1350},{"@type":"BreadcrumbList","@id":"https:\/\/aap.org.ar\/fr\/presentamos-nuestra-nueva-identidad-visual\/#breadcrumb","itemListElement":[{"@type":"ListItem","position":1,"name":"Home","item":"https:\/\/aap.org.ar\/"},{"@type":"ListItem","position":2,"name":"Presentamos nuestra nueva identidad visual"}]},{"@type":"WebSite","@id":"https:\/\/aap.org.ar\/fr\/#website","url":"https:\/\/aap.org.ar\/fr\/","name":"Asociacion Argentina de Psiquiatras","description":"Asociacion Argentina de Psiquiatras","publisher":{"@id":"https:\/\/aap.org.ar\/fr\/#organization"},"potentialAction":[{"@type":"SearchAction","target":{"@type":"EntryPoint","urlTemplate":"https:\/\/aap.org.ar\/fr\/?s={search_term_string}"},"query-input":{"@type":"PropertyValueSpecification","valueRequired":true,"valueName":"search_term_string"}}],"inLanguage":"fr-FR"},{"@type":"Organization","@id":"https:\/\/aap.org.ar\/fr\/#organization","name":"Uniservitate","url":"https:\/\/aap.org.ar\/fr\/","logo":{"@type":"ImageObject","inLanguage":"fr-FR","@id":"https:\/\/aap.org.ar\/fr\/#\/schema\/logo\/image\/","url":"https:\/\/www.uniservitate.org\/wp-content\/uploads\/2021\/03\/logo.svg","contentUrl":"https:\/\/www.uniservitate.org\/wp-content\/uploads\/2021\/03\/logo.svg","width":1,"height":1,"caption":"Uniservitate"},"image":{"@id":"https:\/\/aap.org.ar\/fr\/#\/schema\/logo\/image\/"}},{"@type":"Person","@id":"https:\/\/aap.org.ar\/fr\/#\/schema\/person\/0b9bc360d94f7a9b592155e1a519d8df","name":"Asociaci\u00f3n Psiquiatras"}]}},"_links":{"self":[{"href":"https:\/\/aap.org.ar\/fr\/wp-json\/wp\/v2\/posts\/17875","targetHints":{"allow":["GET"]}}],"collection":[{"href":"https:\/\/aap.org.ar\/fr\/wp-json\/wp\/v2\/posts"}],"about":[{"href":"https:\/\/aap.org.ar\/fr\/wp-json\/wp\/v2\/types\/post"}],"author":[{"embeddable":true,"href":"https:\/\/aap.org.ar\/fr\/wp-json\/wp\/v2\/users\/19"}],"replies":[{"embeddable":true,"href":"https:\/\/aap.org.ar\/fr\/wp-json\/wp\/v2\/comments?post=17875"}],"version-history":[{"count":2,"href":"https:\/\/aap.org.ar\/fr\/wp-json\/wp\/v2\/posts\/17875\/revisions"}],"predecessor-version":[{"id":17886,"href":"https:\/\/aap.org.ar\/fr\/wp-json\/wp\/v2\/posts\/17875\/revisions\/17886"}],"wp:featuredmedia":[{"embeddable":true,"href":"https:\/\/aap.org.ar\/fr\/wp-json\/wp\/v2\/media\/17876"}],"wp:attachment":[{"href":"https:\/\/aap.org.ar\/fr\/wp-json\/wp\/v2\/media?parent=17875"}],"wp:term":[{"taxonomy":"category","embeddable":true,"href":"https:\/\/aap.org.ar\/fr\/wp-json\/wp\/v2\/categories?post=17875"},{"taxonomy":"post_tag","embeddable":true,"href":"https:\/\/aap.org.ar\/fr\/wp-json\/wp\/v2\/tags?post=17875"}],"curies":[{"name":"wp","href":"https:\/\/api.w.org\/{rel}","templated":true}]}}